{"id":7351,"date":"2022-11-07T11:54:14","date_gmt":"2022-11-07T10:54:14","guid":{"rendered":"https:\/\/nepoznata-krka.eu\/?p=7351"},"modified":"2022-11-07T12:02:48","modified_gmt":"2022-11-07T11:02:48","slug":"nabavljen-je-rucni-xrf-uredaj-hitachi-x-met8000-za-konzervatorsko-restauratorsku-radionicu-u-eko-kampusu-krka-u-puljanima","status":"publish","type":"post","link":"https:\/\/nepoznata-krka.eu\/en\/2022\/11\/07\/nabavljen-je-rucni-xrf-uredaj-hitachi-x-met8000-za-konzervatorsko-restauratorsku-radionicu-u-eko-kampusu-krka-u-puljanima\/","title":{"rendered":"The mobile XRF device (Hitachi X-MET8000) was procured for the conservation and art restoration workshop at the Krka Eco Campus in Puljane"},"content":{"rendered":"<div data-elementor-type=\"wp-post\" data-elementor-id=\"7351\" class=\"elementor elementor-7351\" data-elementor-post-type=\"post\">\n\t\t\t\t\t\t<section class=\"elementor-section elementor-top-section elementor-element elementor-element-314cbf56 elementor-section-boxed elementor-section-height-default elementor-section-height-default\" data-id=\"314cbf56\" data-element_type=\"section\">\n\t\t\t\t\t\t<div class=\"elementor-container elementor-column-gap-default\">\n\t\t\t\t\t<div class=\"elementor-column elementor-col-50 elementor-top-column elementor-element elementor-element-7092c838\" data-id=\"7092c838\" data-element_type=\"column\">\n\t\t\t<div class=\"elementor-widget-wrap elementor-element-populated\">\n\t\t\t\t\t\t<div class=\"elementor-element elementor-element-74c43057 elementor-widget elementor-widget-theme-post-title elementor-page-title elementor-widget-heading\" data-id=\"74c43057\" data-element_type=\"widget\" data-widget_type=\"theme-post-title.default\">\n\t\t\t\t<div class=\"elementor-widget-container\">\n\t\t\t\t\t<h1 class=\"elementor-heading-title elementor-size-default\">The mobile XRF device (Hitachi X-MET8000) was procured for the conservation and art restoration workshop at the Krka Eco Campus in Puljane<\/h1>\t\t\t\t<\/div>\n\t\t\t\t<\/div>\n\t\t\t\t<div class=\"elementor-element elementor-element-48902d8f elementor-widget elementor-widget-theme-post-featured-image elementor-widget-image\" data-id=\"48902d8f\" data-element_type=\"widget\" data-widget_type=\"theme-post-featured-image.default\">\n\t\t\t\t<div class=\"elementor-widget-container\">\n\t\t\t\t\t\t\t\t\t\t\t\t\t\t\t<img fetchpriority=\"high\" decoding=\"async\" width=\"1024\" height=\"768\" src=\"https:\/\/nepoznata-krka.eu\/wp-content\/uploads\/2022\/11\/8f3b492f-ea18-4ede-a2c9-5ec00a464230.jpg\" class=\"attachment-full size-full wp-image-7356\" alt=\"\" srcset=\"https:\/\/nepoznata-krka.eu\/wp-content\/uploads\/2022\/11\/8f3b492f-ea18-4ede-a2c9-5ec00a464230.jpg 1024w, https:\/\/nepoznata-krka.eu\/wp-content\/uploads\/2022\/11\/8f3b492f-ea18-4ede-a2c9-5ec00a464230-300x225.jpg 300w, https:\/\/nepoznata-krka.eu\/wp-content\/uploads\/2022\/11\/8f3b492f-ea18-4ede-a2c9-5ec00a464230-768x576.jpg 768w, https:\/\/nepoznata-krka.eu\/wp-content\/uploads\/2022\/11\/8f3b492f-ea18-4ede-a2c9-5ec00a464230-16x12.jpg 16w, https:\/\/nepoznata-krka.eu\/wp-content\/uploads\/2022\/11\/8f3b492f-ea18-4ede-a2c9-5ec00a464230-24x18.jpg 24w, https:\/\/nepoznata-krka.eu\/wp-content\/uploads\/2022\/11\/8f3b492f-ea18-4ede-a2c9-5ec00a464230-36x27.jpg 36w, https:\/\/nepoznata-krka.eu\/wp-content\/uploads\/2022\/11\/8f3b492f-ea18-4ede-a2c9-5ec00a464230-48x36.jpg 48w\" sizes=\"(max-width: 1024px) 100vw, 1024px\" \/>\t\t\t\t\t\t\t\t\t\t\t\t\t\t\t<\/div>\n\t\t\t\t<\/div>\n\t\t\t\t<div class=\"elementor-element elementor-element-3350f3de elementor-widget elementor-widget-text-editor\" data-id=\"3350f3de\" data-element_type=\"widget\" data-widget_type=\"text-editor.default\">\n\t\t\t\t<div class=\"elementor-widget-container\">\n\t\t\t\t\t\t\t\t\t<p>Art restorer Frederik Levarda uses the mobile XRF instrument, a device that uses x-ray energy to determine the elements present in museum pieces, even without the need for sampling. XRF is short for X-ray fluorescent spectroscopy and this technology is used to better understand archaeological artefacts, their composition, history, and even condition. For example, in this piece of metal iron armour found at the Ne\u010dven fortress, the XRF device revealed that it also contains gold (Au) and minute quantities of mercury (Hg), which are indicators of the gold-plating technique using fire, called fire gilding. Fire gilding is a process used to coat metal surfaces with an alloy of mercury and gold. Then the object is heated for the mercury to evaporate, leaving only a layer of pure gold on the object.<\/p><p>The mobile XRF device (Hitachi X-MET8000) was procured for the conservation and art restoration workshop at the Krka Eco Campus in Puljane within the EU project \u201cUnknown Krka: hidden treasures of the upper and middle course\u201d.<\/p>\t\t\t\t\t\t\t\t<\/div>\n\t\t\t\t<\/div>\n\t\t\t\t<div class=\"elementor-element elementor-element-1109a500 elementor-widget elementor-widget-gallery\" data-id=\"1109a500\" data-element_type=\"widget\" data-settings=\"{&quot;columns&quot;:2,&quot;columns_mobile&quot;:2,&quot;lazyload&quot;:&quot;yes&quot;,&quot;gallery_layout&quot;:&quot;grid&quot;,&quot;columns_tablet&quot;:2,&quot;gap&quot;:{&quot;unit&quot;:&quot;px&quot;,&quot;size&quot;:10,&quot;sizes&quot;:[]},&quot;gap_tablet&quot;:{&quot;unit&quot;:&quot;px&quot;,&quot;size&quot;:10,&quot;sizes&quot;:[]},&quot;gap_mobile&quot;:{&quot;unit&quot;:&quot;px&quot;,&quot;size&quot;:10,&quot;sizes&quot;:[]},&quot;link_to&quot;:&quot;file&quot;,&quot;aspect_ratio&quot;:&quot;3:2&quot;,&quot;overlay_background&quot;:&quot;yes&quot;,&quot;content_hover_animation&quot;:&quot;fade-in&quot;}\" data-widget_type=\"gallery.default\">\n\t\t\t\t<div class=\"elementor-widget-container\">\n\t\t\t\t\t\t\t<div class=\"elementor-gallery__container\">\n\t\t\t\t\t\t\t<a class=\"e-gallery-item elementor-gallery-item elementor-animated-content\" href=\"https:\/\/nepoznata-krka.eu\/wp-content\/uploads\/2022\/11\/Image_141.jpg\" data-elementor-open-lightbox=\"yes\" data-elementor-lightbox-slideshow=\"1109a500\" data-elementor-lightbox-title=\"Image_141\" data-e-action-hash=\"#elementor-action%3Aaction%3Dlightbox%26settings%3DeyJpZCI6NzM2MCwidXJsIjoiaHR0cHM6XC9cL25lcG96bmF0YS1rcmthLmV1XC93cC1jb250ZW50XC91cGxvYWRzXC8yMDIyXC8xMVwvSW1hZ2VfMTQxLmpwZyIsInNsaWRlc2hvdyI6IjExMDlhNTAwIn0%3D\">\n\t\t\t\t\t<div class=\"e-gallery-image elementor-gallery-item__image\" data-thumbnail=\"https:\/\/nepoznata-krka.eu\/wp-content\/uploads\/2022\/11\/Image_141-300x235.jpg\" data-width=\"300\" data-height=\"235\" aria-label=\"\" role=\"img\" ><\/div>\n\t\t\t\t\t\t\t\t\t\t\t<div class=\"elementor-gallery-item__overlay\"><\/div>\n\t\t\t\t\t\t\t\t\t\t\t\t\t\t<\/a>\n\t\t\t\t\t\t\t<a class=\"e-gallery-item elementor-gallery-item elementor-animated-content\" href=\"https:\/\/nepoznata-krka.eu\/wp-content\/uploads\/2022\/11\/IDN2708a.jpg\" data-elementor-open-lightbox=\"yes\" data-elementor-lightbox-slideshow=\"1109a500\" data-elementor-lightbox-title=\"OLYMPUS DIGITAL CAMERA\" data-e-action-hash=\"#elementor-action%3Aaction%3Dlightbox%26settings%3DeyJpZCI6NzM1OSwidXJsIjoiaHR0cHM6XC9cL25lcG96bmF0YS1rcmthLmV1XC93cC1jb250ZW50XC91cGxvYWRzXC8yMDIyXC8xMVwvSUROMjcwOGEuanBnIiwic2xpZGVzaG93IjoiMTEwOWE1MDAifQ%3D%3D\">\n\t\t\t\t\t<div class=\"e-gallery-image elementor-gallery-item__image\" data-thumbnail=\"https:\/\/nepoznata-krka.eu\/wp-content\/uploads\/2022\/11\/IDN2708a-300x225.jpg\" data-width=\"300\" data-height=\"225\" aria-label=\"\" role=\"img\" ><\/div>\n\t\t\t\t\t\t\t\t\t\t\t<div class=\"elementor-gallery-item__overlay\"><\/div>\n\t\t\t\t\t\t\t\t\t\t\t\t\t\t<\/a>\n\t\t\t\t\t\t\t<a class=\"e-gallery-item elementor-gallery-item elementor-animated-content\" href=\"https:\/\/nepoznata-krka.eu\/wp-content\/uploads\/2022\/11\/IDN2708.jpg\" data-elementor-open-lightbox=\"yes\" data-elementor-lightbox-slideshow=\"1109a500\" data-elementor-lightbox-title=\"OLYMPUS DIGITAL CAMERA\" data-e-action-hash=\"#elementor-action%3Aaction%3Dlightbox%26settings%3DeyJpZCI6NzM1OCwidXJsIjoiaHR0cHM6XC9cL25lcG96bmF0YS1rcmthLmV1XC93cC1jb250ZW50XC91cGxvYWRzXC8yMDIyXC8xMVwvSUROMjcwOC5qcGciLCJzbGlkZXNob3ciOiIxMTA5YTUwMCJ9\">\n\t\t\t\t\t<div class=\"e-gallery-image elementor-gallery-item__image\" data-thumbnail=\"https:\/\/nepoznata-krka.eu\/wp-content\/uploads\/2022\/11\/IDN2708-300x225.jpg\" data-width=\"300\" data-height=\"225\" aria-label=\"\" role=\"img\" ><\/div>\n\t\t\t\t\t\t\t\t\t\t\t<div class=\"elementor-gallery-item__overlay\"><\/div>\n\t\t\t\t\t\t\t\t\t\t\t\t\t\t<\/a>\n\t\t\t\t\t\t\t<a class=\"e-gallery-item elementor-gallery-item elementor-animated-content\" href=\"https:\/\/nepoznata-krka.eu\/wp-content\/uploads\/2022\/11\/IDN2708-XRF.jpg\" data-elementor-open-lightbox=\"yes\" data-elementor-lightbox-slideshow=\"1109a500\" data-elementor-lightbox-title=\"IDN2708 XRF\" data-e-action-hash=\"#elementor-action%3Aaction%3Dlightbox%26settings%3DeyJpZCI6NzM1NywidXJsIjoiaHR0cHM6XC9cL25lcG96bmF0YS1rcmthLmV1XC93cC1jb250ZW50XC91cGxvYWRzXC8yMDIyXC8xMVwvSUROMjcwOC1YUkYuanBnIiwic2xpZGVzaG93IjoiMTEwOWE1MDAifQ%3D%3D\">\n\t\t\t\t\t<div class=\"e-gallery-image elementor-gallery-item__image\" data-thumbnail=\"https:\/\/nepoznata-krka.eu\/wp-content\/uploads\/2022\/11\/IDN2708-XRF-300x103.jpg\" data-width=\"300\" data-height=\"103\" aria-label=\"\" role=\"img\" ><\/div>\n\t\t\t\t\t\t\t\t\t\t\t<div class=\"elementor-gallery-item__overlay\"><\/div>\n\t\t\t\t\t\t\t\t\t\t\t\t\t\t<\/a>\n\t\t\t\t\t\t\t<a class=\"e-gallery-item elementor-gallery-item elementor-animated-content\" href=\"https:\/\/nepoznata-krka.eu\/wp-content\/uploads\/2022\/11\/3.jpg\" data-elementor-open-lightbox=\"yes\" data-elementor-lightbox-slideshow=\"1109a500\" data-elementor-lightbox-title=\"OLYMPUS DIGITAL CAMERA\" data-e-action-hash=\"#elementor-action%3Aaction%3Dlightbox%26settings%3DeyJpZCI6NzM1NSwidXJsIjoiaHR0cHM6XC9cL25lcG96bmF0YS1rcmthLmV1XC93cC1jb250ZW50XC91cGxvYWRzXC8yMDIyXC8xMVwvMy5qcGciLCJzbGlkZXNob3ciOiIxMTA5YTUwMCJ9\">\n\t\t\t\t\t<div class=\"e-gallery-image elementor-gallery-item__image\" data-thumbnail=\"https:\/\/nepoznata-krka.eu\/wp-content\/uploads\/2022\/11\/3-300x225.jpg\" data-width=\"300\" data-height=\"225\" aria-label=\"\" role=\"img\" ><\/div>\n\t\t\t\t\t\t\t\t\t\t\t<div class=\"elementor-gallery-item__overlay\"><\/div>\n\t\t\t\t\t\t\t\t\t\t\t\t\t\t<\/a>\n\t\t\t\t\t<\/div>\n\t\t\t\t\t<\/div>\n\t\t\t\t<\/div>\n\t\t\t\t<div class=\"elementor-element elementor-element-7fda8e0c elementor-post-navigation-borders-yes elementor-widget elementor-widget-post-navigation\" data-id=\"7fda8e0c\" data-element_type=\"widget\" data-widget_type=\"post-navigation.default\">\n\t\t\t\t<div class=\"elementor-widget-container\">\n\t\t\t\t\t\t\t<div class=\"elementor-post-navigation\">\n\t\t\t<div class=\"elementor-post-navigation__prev elementor-post-navigation__link\">\n\t\t\t\t<a href=\"https:\/\/nepoznata-krka.eu\/en\/2022\/10\/31\/ravnatelji-osnovnih-skola-posjetili-eko-kampus-krka-u-puljanima\/\" rel=\"prev\"><span class=\"post-navigation__arrow-wrapper post-navigation__arrow-prev\"><i class=\"fa fa-angle-double-left\" aria-hidden=\"true\"><\/i><span class=\"elementor-screen-only\">Prev<\/span><\/span><span class=\"elementor-post-navigation__link__prev\"><span class=\"post-navigation__prev--label\">Previous<\/span><span class=\"post-navigation__prev--title\">Primary School Principals visit the Krka Eco-Campus in Puljane<\/span><\/span><\/a>\t\t\t<\/div>\n\t\t\t\t\t\t\t<div class=\"elementor-post-navigation__separator-wrapper\">\n\t\t\t\t\t<div class=\"elementor-post-navigation__separator\"><\/div>\n\t\t\t\t<\/div>\n\t\t\t\t\t\t<div class=\"elementor-post-navigation__next elementor-post-navigation__link\">\n\t\t\t\t<a href=\"https:\/\/nepoznata-krka.eu\/en\/2022\/12\/01\/volonterski-program-cistac-obale-krke\/\" rel=\"next\"><span class=\"elementor-post-navigation__link__next\"><span class=\"post-navigation__next--label\">Next<\/span><span class=\"post-navigation__next--title\"><strong>Volunteer programme \u201cKrka riverbank cleaner\u201d<\/strong><\/span><\/span><span class=\"post-navigation__arrow-wrapper post-navigation__arrow-next\"><i class=\"fa fa-angle-double-right\" aria-hidden=\"true\"><\/i><span class=\"elementor-screen-only\">Next<\/span><\/span><\/a>\t\t\t<\/div>\n\t\t<\/div>\n\t\t\t\t\t\t<\/div>\n\t\t\t\t<\/div>\n\t\t\t\t\t<\/div>\n\t\t<\/div>\n\t\t\t\t<div class=\"elementor-column elementor-col-50 elementor-top-column elementor-element elementor-element-2d053550\" data-id=\"2d053550\" data-element_type=\"column\">\n\t\t\t<div class=\"elementor-widget-wrap elementor-element-populated\">\n\t\t\t\t\t\t<div class=\"elementor-element elementor-element-43e3bf5f elementor-widget elementor-widget-heading\" data-id=\"43e3bf5f\" data-element_type=\"widget\" data-widget_type=\"heading.default\">\n\t\t\t\t<div class=\"elementor-widget-container\">\n\t\t\t\t\t<h2 class=\"elementor-heading-title elementor-size-default\">NEWS<\/h2>\t\t\t\t<\/div>\n\t\t\t\t<\/div>\n\t\t\t\t<div class=\"elementor-element elementor-element-26793330 elementor-posts--align-left elementor-grid-1 elementor-posts--thumbnail-none elementor-grid-tablet-2 elementor-grid-mobile-1 elementor-card-shadow-yes elementor-posts__hover-gradient elementor-widget elementor-widget-posts\" data-id=\"26793330\" data-element_type=\"widget\" data-settings=\"{&quot;cards_row_gap&quot;:{&quot;unit&quot;:&quot;px&quot;,&quot;size&quot;:10,&quot;sizes&quot;:[]},&quot;cards_columns&quot;:&quot;1&quot;,&quot;cards_columns_tablet&quot;:&quot;2&quot;,&quot;cards_columns_mobile&quot;:&quot;1&quot;,&quot;cards_row_gap_tablet&quot;:{&quot;unit&quot;:&quot;px&quot;,&quot;size&quot;:&quot;&quot;,&quot;sizes&quot;:[]},&quot;cards_row_gap_mobile&quot;:{&quot;unit&quot;:&quot;px&quot;,&quot;size&quot;:&quot;&quot;,&quot;sizes&quot;:[]}}\" data-widget_type=\"posts.cards\">\n\t\t\t\t<div class=\"elementor-widget-container\">\n\t\t\t\t\t\t\t<div class=\"elementor-posts-container elementor-posts elementor-posts--skin-cards elementor-grid\">\n\t\t\t\t<article class=\"elementor-post elementor-grid-item post-8492 post type-post status-publish format-standard has-post-thumbnail hentry category-nepoznata-krka entry has-media\">\n\t\t\t<div class=\"elementor-post__card\">\n\t\t\t\t<div class=\"elementor-post__text\">\n\t\t\t\t<h3 class=\"elementor-post__title\">\n\t\t\t<a href=\"https:\/\/nepoznata-krka.eu\/en\/2025\/01\/31\/cetrdeset-godina-np-krka-otvorenje-interpretacijskog-centra-krka-vrelo-zivota-i-zavrsetak-projekta-nepoznata-krka\/\" >\n\t\t\t\t\u010cetrdeset godina NP \u201eKrka\u201c: otvorenje Interpretacijskog centra Krka \u2013 vrelo \u017eivota i zavr\u0161etak projekta Nepoznata Krka\t\t\t<\/a>\n\t\t<\/h3>\n\t\t\t\t<div class=\"elementor-post__excerpt\">\n\t\t\t<p>U subotu, 25. sije\u010dnja 2025. godine Nacionalni park \u201eKrka\u201c sve\u010dano je obilje\u017eio \u010detiri desetlje\u0107a postojanja<\/p>\n\t\t<\/div>\n\t\t\n\t\t<a class=\"elementor-post__read-more\" href=\"https:\/\/nepoznata-krka.eu\/en\/2025\/01\/31\/cetrdeset-godina-np-krka-otvorenje-interpretacijskog-centra-krka-vrelo-zivota-i-zavrsetak-projekta-nepoznata-krka\/\" aria-label=\"Read more about \u010cetrdeset godina NP \u201eKrka\u201c: otvorenje Interpretacijskog centra Krka \u2013 vrelo \u017eivota i zavr\u0161etak projekta Nepoznata Krka\" tabindex=\"-1\" >\n\t\t\tRead more \u00bb\t\t<\/a>\n\n\t\t\t\t<\/div>\n\t\t\t\t\t<\/div>\n\t\t<\/article>\n\t\t\t\t<article class=\"elementor-post elementor-grid-item post-8462 post type-post status-publish format-standard has-post-thumbnail hentry category-nepoznata-krka entry has-media\">\n\t\t\t<div class=\"elementor-post__card\">\n\t\t\t\t<div class=\"elementor-post__text\">\n\t\t\t\t<h3 class=\"elementor-post__title\">\n\t\t\t<a href=\"https:\/\/nepoznata-krka.eu\/en\/2025\/01\/28\/21-susret-okupit-ce-lokalno-stanovnistvo-na-radionici-degustacije-i-analize-vina\/\" >\n\t\t\t\t21. Susret okupit \u0107e lokalno stanovni\u0161tvo na radionici degustacije i analize vina\t\t\t<\/a>\n\t\t<\/h3>\n\t\t\t\t<div class=\"elementor-post__excerpt\">\n\t\t\t<p>Prvi pretok i bistrenje vina tema je dvadeset i prvog\u00a0Susreta s lokalnim stanovni\u0161tvom koji \u0107e<\/p>\n\t\t<\/div>\n\t\t\n\t\t<a class=\"elementor-post__read-more\" href=\"https:\/\/nepoznata-krka.eu\/en\/2025\/01\/28\/21-susret-okupit-ce-lokalno-stanovnistvo-na-radionici-degustacije-i-analize-vina\/\" aria-label=\"Read more about 21. Susret okupit \u0107e lokalno stanovni\u0161tvo na radionici degustacije i analize vina\" tabindex=\"-1\" >\n\t\t\tRead more \u00bb\t\t<\/a>\n\n\t\t\t\t<\/div>\n\t\t\t\t\t<\/div>\n\t\t<\/article>\n\t\t\t\t<article class=\"elementor-post elementor-grid-item post-8452 post type-post status-publish format-standard has-post-thumbnail hentry category-nepoznata-krka entry has-media\">\n\t\t\t<div class=\"elementor-post__card\">\n\t\t\t\t<div class=\"elementor-post__text\">\n\t\t\t\t<h3 class=\"elementor-post__title\">\n\t\t\t<a href=\"https:\/\/nepoznata-krka.eu\/en\/2025\/01\/28\/poziv-na-edukaciju-ogranicenja-u-gospodarenju-sumama-na-podrucju-ekoloske-mreze\/\" >\n\t\t\t\tPoziv na edukaciju &#8220;Ograni\u010denja u gospodarenju \u0161umama na podru\u010dju ekolo\u0161ke mre\u017ee&#8221;\t\t\t<\/a>\n\t\t<\/h3>\n\t\t\t\t<div class=\"elementor-post__excerpt\">\n\t\t\t<p>Ministarstvo poljoprivrede, \u0161umarstva i ribarstva poziva sve zainteresirane da se pridru\u017ee\u00a0edukaciji \u201eOgrani\u010denja u gospodarenju \u0161umama<\/p>\n\t\t<\/div>\n\t\t\n\t\t<a class=\"elementor-post__read-more\" href=\"https:\/\/nepoznata-krka.eu\/en\/2025\/01\/28\/poziv-na-edukaciju-ogranicenja-u-gospodarenju-sumama-na-podrucju-ekoloske-mreze\/\" aria-label=\"Read more about Poziv na edukaciju &#8220;Ograni\u010denja u gospodarenju \u0161umama na podru\u010dju ekolo\u0161ke mre\u017ee&#8221;\" tabindex=\"-1\" >\n\t\t\tRead more \u00bb\t\t<\/a>\n\n\t\t\t\t<\/div>\n\t\t\t\t\t<\/div>\n\t\t<\/article>\n\t\t\t\t<article class=\"elementor-post elementor-grid-item post-8439 post type-post status-publish format-standard has-post-thumbnail hentry category-nepoznata-krka entry has-media\">\n\t\t\t<div class=\"elementor-post__card\">\n\t\t\t\t<div class=\"elementor-post__text\">\n\t\t\t\t<h3 class=\"elementor-post__title\">\n\t\t\t<a href=\"https:\/\/nepoznata-krka.eu\/en\/2025\/01\/28\/u-nacionalnom-parku-krka-obiljezen-medunarodni-dan-smanjenja-rizika-od-katastrofa\/\" >\n\t\t\t\tU Nacionalnom parku &#8220;Krka&#8221; obilje\u017een Me\u0111unarodni dan smanjenja rizika od katastrofa\t\t\t<\/a>\n\t\t<\/h3>\n\t\t\t\t<div class=\"elementor-post__excerpt\">\n\t\t\t<p>Sedamnaestog listopada 2024. godine u Eko kampusu \u201eKrka\u201c u Puljanima odr\u017eana je edukativna radionica u<\/p>\n\t\t<\/div>\n\t\t\n\t\t<a class=\"elementor-post__read-more\" href=\"https:\/\/nepoznata-krka.eu\/en\/2025\/01\/28\/u-nacionalnom-parku-krka-obiljezen-medunarodni-dan-smanjenja-rizika-od-katastrofa\/\" aria-label=\"Read more about U Nacionalnom parku &#8220;Krka&#8221; obilje\u017een Me\u0111unarodni dan smanjenja rizika od katastrofa\" tabindex=\"-1\" >\n\t\t\tRead more \u00bb\t\t<\/a>\n\n\t\t\t\t<\/div>\n\t\t\t\t\t<\/div>\n\t\t<\/article>\n\t\t\t\t<article class=\"elementor-post elementor-grid-item post-8431 post type-post status-publish format-standard has-post-thumbnail hentry category-nepoznata-krka entry has-media\">\n\t\t\t<div class=\"elementor-post__card\">\n\t\t\t\t<div class=\"elementor-post__text\">\n\t\t\t\t<h3 class=\"elementor-post__title\">\n\t\t\t<a href=\"https:\/\/nepoznata-krka.eu\/en\/2025\/01\/28\/zlato-za-nacionalni-park-krka\/\" >\n\t\t\t\tZlato za Nacionalni park &#8220;Krka&#8221;\t\t\t<\/a>\n\t\t<\/h3>\n\t\t\t\t<div class=\"elementor-post__excerpt\">\n\t\t\t<p>Nacionalni park \u201eKrka\u201c prva je destinacija u Hrvatskoj i drugi nacionalni park na svijetu dobitnik<\/p>\n\t\t<\/div>\n\t\t\n\t\t<a class=\"elementor-post__read-more\" href=\"https:\/\/nepoznata-krka.eu\/en\/2025\/01\/28\/zlato-za-nacionalni-park-krka\/\" aria-label=\"Read more about Zlato za Nacionalni park &#8220;Krka&#8221;\" tabindex=\"-1\" >\n\t\t\tRead more \u00bb\t\t<\/a>\n\n\t\t\t\t<\/div>\n\t\t\t\t\t<\/div>\n\t\t<\/article>\n\t\t\t\t<article class=\"elementor-post elementor-grid-item post-8407 post type-post status-publish format-standard has-post-thumbnail hentry category-nepoznata-krka entry has-media\">\n\t\t\t<div class=\"elementor-post__card\">\n\t\t\t\t<div class=\"elementor-post__text\">\n\t\t\t\t<h3 class=\"elementor-post__title\">\n\t\t\t<a href=\"https:\/\/nepoznata-krka.eu\/en\/2025\/01\/28\/volonterski-program-u-np-krka-uspjesno-suzbijanje-invazivnih-vrsta-kroz-edukaciju-i-akciju\/\" >\n\t\t\t\tVolonterski program u NP &#8220;Krka&#8221;: uspje\u0161no suzbijanje invazivnih vrsta kroz edukaciju i akciju\t\t\t<\/a>\n\t\t<\/h3>\n\t\t\t\t<div class=\"elementor-post__excerpt\">\n\t\t\t<p>Volonterski program pod nazivom \u201e\u010cuvar stani\u0161ta autohtonih vrsta\u201c, pokrenut pro\u0161le godine, odvijao se od 2.<\/p>\n\t\t<\/div>\n\t\t\n\t\t<a class=\"elementor-post__read-more\" href=\"https:\/\/nepoznata-krka.eu\/en\/2025\/01\/28\/volonterski-program-u-np-krka-uspjesno-suzbijanje-invazivnih-vrsta-kroz-edukaciju-i-akciju\/\" aria-label=\"Read more about Volonterski program u NP &#8220;Krka&#8221;: uspje\u0161no suzbijanje invazivnih vrsta kroz edukaciju i akciju\" tabindex=\"-1\" >\n\t\t\tRead more \u00bb\t\t<\/a>\n\n\t\t\t\t<\/div>\n\t\t\t\t\t<\/div>\n\t\t<\/article>\n\t\t\t\t<article class=\"elementor-post elementor-grid-item post-8393 post type-post status-publish format-standard has-post-thumbnail hentry category-nepoznata-krka entry has-media\">\n\t\t\t<div class=\"elementor-post__card\">\n\t\t\t\t<div class=\"elementor-post__text\">\n\t\t\t\t<h3 class=\"elementor-post__title\">\n\t\t\t<a href=\"https:\/\/nepoznata-krka.eu\/en\/2025\/01\/28\/14-susret-konzervatora-restauratora-hmd-a-u-eko-kampusu-krka-u-puljanima\/\" >\n\t\t\t\t14. Susret konzervatora-restauratora HMD-a u Eko kampusu &#8220;Krka&#8221; u Puljanima\t\t\t<\/a>\n\t\t<\/h3>\n\t\t\t\t<div class=\"elementor-post__excerpt\">\n\t\t\t<p>Eko kampus \u201eKrka\u201c u Puljanima doma\u0107in je 14. susreta Sekcije konzervatora-restauratora Hrvatskog muzejskog dru\u0161tva, koji<\/p>\n\t\t<\/div>\n\t\t\n\t\t<a class=\"elementor-post__read-more\" href=\"https:\/\/nepoznata-krka.eu\/en\/2025\/01\/28\/14-susret-konzervatora-restauratora-hmd-a-u-eko-kampusu-krka-u-puljanima\/\" aria-label=\"Read more about 14. Susret konzervatora-restauratora HMD-a u Eko kampusu &#8220;Krka&#8221; u Puljanima\" tabindex=\"-1\" >\n\t\t\tRead more \u00bb\t\t<\/a>\n\n\t\t\t\t<\/div>\n\t\t\t\t\t<\/div>\n\t\t<\/article>\n\t\t\t\t<article class=\"elementor-post elementor-grid-item post-8376 post type-post status-publish format-standard has-post-thumbnail hentry category-nepoznata-krka entry has-media\">\n\t\t\t<div class=\"elementor-post__card\">\n\t\t\t\t<div class=\"elementor-post__text\">\n\t\t\t\t<h3 class=\"elementor-post__title\">\n\t\t\t<a href=\"https:\/\/nepoznata-krka.eu\/en\/2025\/01\/28\/ekoloska-akcija-u-srcu-prirode-volonterski-program-cistac-rijeke-krke-za-ocuvanje-okolisa\/\" >\n\t\t\t\tEkolo\u0161ka akcija u srcu prirode: volonterski program &#8220;\u010cista\u010d rijeke Krke&#8221; za o\u010duvanje okoli\u0161a\t\t\t<\/a>\n\t\t<\/h3>\n\t\t\t\t<div class=\"elementor-post__excerpt\">\n\t\t\t<p>Volonterski program \u201e\u010cista\u010d rijeke Krke\u201c odr\u017ean je od 26. kolovoza do 1. rujna 2024. godine<\/p>\n\t\t<\/div>\n\t\t\n\t\t<a class=\"elementor-post__read-more\" href=\"https:\/\/nepoznata-krka.eu\/en\/2025\/01\/28\/ekoloska-akcija-u-srcu-prirode-volonterski-program-cistac-rijeke-krke-za-ocuvanje-okolisa\/\" aria-label=\"Read more about Ekolo\u0161ka akcija u srcu prirode: volonterski program &#8220;\u010cista\u010d rijeke Krke&#8221; za o\u010duvanje okoli\u0161a\" tabindex=\"-1\" >\n\t\t\tRead more \u00bb\t\t<\/a>\n\n\t\t\t\t<\/div>\n\t\t\t\t\t<\/div>\n\t\t<\/article>\n\t\t\t\t<article class=\"elementor-post elementor-grid-item post-8360 post type-post status-publish format-standard has-post-thumbnail hentry category-nepoznata-krka entry has-media\">\n\t\t\t<div class=\"elementor-post__card\">\n\t\t\t\t<div class=\"elementor-post__text\">\n\t\t\t\t<h3 class=\"elementor-post__title\">\n\t\t\t<a href=\"https:\/\/nepoznata-krka.eu\/en\/2025\/01\/28\/u-prepunom-amfiteatru-burnum-odrzane-jos-jedne-spektakularne-ide-u-reziji-np-krka\/\" >\n\t\t\t\tU prepunom amfiteatru Burnum odr\u017eane jo\u0161 jedne spektakularne Ide u re\u017eiji NP &#8220;Krka&#8221;\t\t\t<\/a>\n\t\t<\/h3>\n\t\t\t\t<div class=\"elementor-post__excerpt\">\n\t\t\t<p>Ovogodi\u0161nje Burnumske ide, u svom \u0161esnaestom izdanju, uspje\u0161no su o\u017eivjele duh rimskog doba i privukle<\/p>\n\t\t<\/div>\n\t\t\n\t\t<a class=\"elementor-post__read-more\" href=\"https:\/\/nepoznata-krka.eu\/en\/2025\/01\/28\/u-prepunom-amfiteatru-burnum-odrzane-jos-jedne-spektakularne-ide-u-reziji-np-krka\/\" aria-label=\"Read more about U prepunom amfiteatru Burnum odr\u017eane jo\u0161 jedne spektakularne Ide u re\u017eiji NP &#8220;Krka&#8221;\" tabindex=\"-1\" >\n\t\t\tRead more \u00bb\t\t<\/a>\n\n\t\t\t\t<\/div>\n\t\t\t\t\t<\/div>\n\t\t<\/article>\n\t\t\t\t<article class=\"elementor-post elementor-grid-item post-8348 post type-post status-publish format-standard has-post-thumbnail hentry category-nepoznata-krka entry has-media\">\n\t\t\t<div class=\"elementor-post__card\">\n\t\t\t\t<div class=\"elementor-post__text\">\n\t\t\t\t<h3 class=\"elementor-post__title\">\n\t\t\t<a href=\"https:\/\/nepoznata-krka.eu\/en\/2025\/01\/28\/otvorenje-parkiralista-bogatic-miljevacki-ozidana-pecina\/\" >\n\t\t\t\tOtvorenje parkirali\u0161ta Bogati\u0107 Miljeva\u010dki &#8211; Ozi\u0111ana pe\u0107ina\t\t\t<\/a>\n\t\t<\/h3>\n\t\t\t\t<div class=\"elementor-post__excerpt\">\n\t\t\t<p>Nacionalni park \u201eKrka\u201c otvara novo parkirali\u0161te, uz besplatni prijevoz za posjetitelje Ro\u0161kog slapa Javna ustanova<\/p>\n\t\t<\/div>\n\t\t\n\t\t<a class=\"elementor-post__read-more\" href=\"https:\/\/nepoznata-krka.eu\/en\/2025\/01\/28\/otvorenje-parkiralista-bogatic-miljevacki-ozidana-pecina\/\" aria-label=\"Read more about Otvorenje parkirali\u0161ta Bogati\u0107 Miljeva\u010dki &#8211; Ozi\u0111ana pe\u0107ina\" tabindex=\"-1\" >\n\t\t\tRead more \u00bb\t\t<\/a>\n\n\t\t\t\t<\/div>\n\t\t\t\t\t<\/div>\n\t\t<\/article>\n\t\t\t\t<\/div>\n\t\t\n\t\t\t\t\t\t<\/div>\n\t\t\t\t<\/div>\n\t\t\t\t\t<\/div>\n\t\t<\/div>\n\t\t\t\t\t<\/div>\n\t\t<\/section>\n\t\t\t\t<\/div>","protected":false},"excerpt":{"rendered":"<p>Restaurator Frederik Levarda koristi prijenosni XRF instrument koji energijom X-zraka odre\u0111uje elemente prisutne u muzejskom predmetu, \u010dak i bez uzimanja uzorka. XRF (Rendgenska fluorescentna spektroskopija) poma\u017ee bolje razumjeti arheolo\u0161ke predmete, njihov sastav, povijest, pa \u010dak i stanje. Primjerice, kod ovog dijela metalnog \u017eeljeznog oklopa na\u0111enog na utvrdi Ne\u010dven, XRF je otkrio da sadr\u017ei zlato (Au) [&hellip;]<\/p>","protected":false},"author":6,"featured_media":7356,"comment_status":"closed","ping_status":"open","sticky":false,"template":"elementor_header_footer","format":"standard","meta":{"_acf_changed":false,"footnotes":""},"categories":[27],"tags":[],"class_list":["post-7351","post","type-post","status-publish","format-standard","has-post-thumbnail","hentry","category-nepoznata-krka","entry","has-media"],"acf":[],"_links":{"self":[{"href":"https:\/\/nepoznata-krka.eu\/en\/wp-json\/wp\/v2\/posts\/7351","targetHints":{"allow":["GET"]}}],"collection":[{"href":"https:\/\/nepoznata-krka.eu\/en\/wp-json\/wp\/v2\/posts"}],"about":[{"href":"https:\/\/nepoznata-krka.eu\/en\/wp-json\/wp\/v2\/types\/post"}],"author":[{"embeddable":true,"href":"https:\/\/nepoznata-krka.eu\/en\/wp-json\/wp\/v2\/users\/6"}],"replies":[{"embeddable":true,"href":"https:\/\/nepoznata-krka.eu\/en\/wp-json\/wp\/v2\/comments?post=7351"}],"version-history":[{"count":8,"href":"https:\/\/nepoznata-krka.eu\/en\/wp-json\/wp\/v2\/posts\/7351\/revisions"}],"predecessor-version":[{"id":7368,"href":"https:\/\/nepoznata-krka.eu\/en\/wp-json\/wp\/v2\/posts\/7351\/revisions\/7368"}],"wp:featuredmedia":[{"embeddable":true,"href":"https:\/\/nepoznata-krka.eu\/en\/wp-json\/wp\/v2\/media\/7356"}],"wp:attachment":[{"href":"https:\/\/nepoznata-krka.eu\/en\/wp-json\/wp\/v2\/media?parent=7351"}],"wp:term":[{"taxonomy":"category","embeddable":true,"href":"https:\/\/nepoznata-krka.eu\/en\/wp-json\/wp\/v2\/categories?post=7351"},{"taxonomy":"post_tag","embeddable":true,"href":"https:\/\/nepoznata-krka.eu\/en\/wp-json\/wp\/v2\/tags?post=7351"}],"curies":[{"name":"wp","href":"https:\/\/api.w.org\/{rel}","templated":true}]}}